{"id":8769,"date":"2026-07-06T18:58:56","date_gmt":"2026-07-07T00:58:56","guid":{"rendered":"https:\/\/futland.com.mx\/?p=8769"},"modified":"2026-07-06T18:58:56","modified_gmt":"2026-07-07T00:58:56","slug":"hanna-bennison-deja-el-real-madrid-y-continuara-su-carrera-en-alemania","status":"publish","type":"post","link":"https:\/\/futland.com.mx\/?p=8769","title":{"rendered":"Hanna Bennison deja el Real Madrid y continuar\u00e1 su carrera en Alemania"},"content":{"rendered":"<div class=\"text-base my-auto mx-auto [--thread-content-margin:var(--thread-content-margin-xs,calc(var(--spacing)*4))] @w-sm\/main:[--thread-content-margin:var(--thread-content-margin-sm,calc(var(--spacing)*6))] @w-lg\/main:[--thread-content-margin:var(--thread-content-margin-lg,calc(var(--spacing)*16))] px-(--thread-content-margin)\">\n<div class=\"[--thread-content-max-width:40rem] @w-lg\/main:[--thread-content-max-width:48rem] mx-auto max-w-(--thread-content-max-width) flex-1 group\/turn-messages focus-visible:outline-hidden relative flex w-full min-w-0 flex-col agent-turn\" data-conversation-screenshot-content=\"\">\n<div class=\"flex max-w-full flex-col gap-4 grow\">\n<div class=\"min-h-8 text-message relative flex w-full flex-col items-end gap-2 text-start break-words whitespace-normal outline-none keyboard-focused:focus-ring [.text-message+&amp;]:mt-1\" dir=\"auto\" data-message-author-role=\"assistant\" data-message-id=\"4b36ac34-712c-46f9-af73-483b777ca6f5\" data-message-model-slug=\"gpt-5-5\">\n<div class=\"flex w-full flex-col gap-1 empty:hidden\">\n<div class=\"markdown prose dark:prose-invert wrap-break-word w-full dark markdown-new-styling\">\n<p class=\"PDq2pG_selectionAnchorContainer\" data-start=\"204\" data-end=\"356\"><strong data-start=\"204\" data-end=\"356\">La mediocampista sueca pone fin a su etapa con el conjunto blanco despu\u00e9s de una temporada y se convierte en nueva jugadora del Eintracht Frankfurt.<\/strong><\/p>\n<p data-start=\"358\" data-end=\"570\">Hanna Bennison inicia un nuevo cap\u00edtulo en su carrera profesional. La futbolista sueca deja el Real Madrid despu\u00e9s de una temporada y continuar\u00e1 su trayectoria en el Eintracht Frankfurt de la Bundesliga Femenina.<\/p>\n<p data-start=\"572\" data-end=\"912\">La mediocampista de 23 a\u00f1os lleg\u00f3 al conjunto madrile\u00f1o procedente de la Juventus como una de las incorporaciones para reforzar el centro del campo. Sin embargo, las lesiones y la falta de continuidad limitaron su participaci\u00f3n durante la temporada, en la que disput\u00f3 19 partidos y acumul\u00f3 poco m\u00e1s de 600 minutos sobre el terreno de juego.<\/p>\n<p data-start=\"914\" data-end=\"1160\">Ante la falta de protagonismo, Bennison buscar\u00e1 recuperar continuidad y consolidarse nuevamente en el futbol europeo con su llegada al conjunto alem\u00e1n. La internacional sueca firm\u00f3 un contrato que la vincula con el Eintracht Frankfurt hasta 2029.<\/p>\n<p data-start=\"1162\" data-end=\"1431\">A pesar de su juventud, Bennison cuenta con experiencia internacional tanto a nivel de clubes como de selecci\u00f3n. La mediocampista ha desarrollado su carrera en equipos como FC Roseng\u00e5rd, Everton, Juventus y Real Madrid, adem\u00e1s de formar parte de la selecci\u00f3n de Suecia.<\/p>\n<p data-start=\"1433\" data-end=\"1737\">Su llegada representa un refuerzo importante para el proyecto deportivo del Eintracht Frankfurt, mientras que para Bennison supone una nueva oportunidad para recuperar protagonismo y continuar su desarrollo en una de las principales ligas del futbol femenil europeo.<\/p>\n<p data-start=\"1739\" data-end=\"1904\" data-is-last-node=\"\" data-is-only-node=\"\"><strong data-start=\"1739\" data-end=\"1760\">Meta descripci\u00f3n:<\/strong> Hanna Bennison deja el Real Madrid despu\u00e9s de una temporada y continuar\u00e1 su carrera en el Eintracht Frankfurt, donde firm\u00f3 contrato hasta 2029.<\/p>\n<\/div>\n<\/div>\n<\/div>\n<\/div>\n<div class=\"z-0 flex min-h-[46px] justify-start\"><\/div>\n<\/div>\n<\/div>\n","protected":false},"excerpt":{"rendered":"<p>La mediocampista sueca pone fin a su etapa con el conjunto blanco despu\u00e9s de una temporada y se convierte en nueva jugadora del Eintracht Frankfurt. Hanna Bennison inicia un nuevo cap\u00edtulo en su carrera profesional. La futbolista sueca deja el Real Madrid despu\u00e9s de una temporada y continuar\u00e1 su trayectoria en el Eintracht Frankfurt de&hellip; <a class=\"more-link\" href=\"https:\/\/futland.com.mx\/?p=8769\">Continue reading <span class=\"screen-reader-text\">Hanna Bennison deja el Real Madrid y continuar\u00e1 su carrera en Alemania<\/span><\/a><\/p>\n","protected":false},"author":7,"featured_media":8770,"comment_status":"open","ping_status":"open","sticky":false,"template":"","format":"standard","meta":{"inline_featured_image":false,"_jetpack_memberships_contains_paid_content":false,"footnotes":""},"categories":[83,16],"tags":[],"class_list":["post-8769","post","type-post","status-publish","format-standard","has-post-thumbnail","hentry","category-newimportanthome-1","category-news","entry"],"jetpack_featured_media_url":"https:\/\/i0.wp.com\/futland.com.mx\/wp-content\/uploads\/2026\/07\/Diseno-sin-titulo-.png?fit=1536%2C1024&ssl=1","jetpack_sharing_enabled":true,"rttpg_featured_image_url":{"full":["https:\/\/i0.wp.com\/futland.com.mx\/wp-content\/uploads\/2026\/07\/Diseno-sin-titulo-.png?fit=1536%2C1024&ssl=1",1536,1024,false],"landscape":["https:\/\/futland.com.mx\/wp-content\/uploads\/2026\/07\/Diseno-sin-titulo-.png",1536,1024,false],"portraits":["https:\/\/futland.com.mx\/wp-content\/uploads\/2026\/07\/Diseno-sin-titulo-.png",1536,1024,false],"thumbnail":["https:\/\/i0.wp.com\/futland.com.mx\/wp-content\/uploads\/2026\/07\/Diseno-sin-titulo-.png?resize=150%2C150&ssl=1",150,150,true],"medium":["https:\/\/i0.wp.com\/futland.com.mx\/wp-content\/uploads\/2026\/07\/Diseno-sin-titulo-.png?fit=300%2C200&ssl=1",300,200,true],"large":["https:\/\/i0.wp.com\/futland.com.mx\/wp-content\/uploads\/2026\/07\/Diseno-sin-titulo-.png?fit=750%2C500&ssl=1",750,500,true],"1536x1536":["https:\/\/i0.wp.com\/futland.com.mx\/wp-content\/uploads\/2026\/07\/Diseno-sin-titulo-.png?fit=1536%2C1024&ssl=1",1536,1024,true],"2048x2048":["https:\/\/i0.wp.com\/futland.com.mx\/wp-content\/uploads\/2026\/07\/Diseno-sin-titulo-.png?fit=1536%2C1024&ssl=1",1536,1024,true],"crest-large":["https:\/\/i0.wp.com\/futland.com.mx\/wp-content\/uploads\/2026\/07\/Diseno-sin-titulo-.png?fit=100%2C67&ssl=1",100,67,true],"crest-medium":["https:\/\/i0.wp.com\/futland.com.mx\/wp-content\/uploads\/2026\/07\/Diseno-sin-titulo-.png?fit=50%2C33&ssl=1",50,33,true],"crest-small":["https:\/\/i0.wp.com\/futland.com.mx\/wp-content\/uploads\/2026\/07\/Diseno-sin-titulo-.png?fit=25%2C17&ssl=1",25,17,true],"player_thumbnail":["https:\/\/i0.wp.com\/futland.com.mx\/wp-content\/uploads\/2026\/07\/Diseno-sin-titulo-.png?resize=25%2C25&ssl=1",25,25,true],"player_single":["https:\/\/i0.wp.com\/futland.com.mx\/wp-content\/uploads\/2026\/07\/Diseno-sin-titulo-.png?resize=300%2C300&ssl=1",300,300,true],"staff_thumbnail":["https:\/\/i0.wp.com\/futland.com.mx\/wp-content\/uploads\/2026\/07\/Diseno-sin-titulo-.png?resize=90%2C90&ssl=1",90,90,true],"staff_single":["https:\/\/i0.wp.com\/futland.com.mx\/wp-content\/uploads\/2026\/07\/Diseno-sin-titulo-.png?resize=300%2C300&ssl=1",300,300,true],"club_thumbnail":["https:\/\/i0.wp.com\/futland.com.mx\/wp-content\/uploads\/2026\/07\/Diseno-sin-titulo-.png?resize=300%2C300&ssl=1",300,300,true],"club_single":["https:\/\/i0.wp.com\/futland.com.mx\/wp-content\/uploads\/2026\/07\/Diseno-sin-titulo-.png?resize=300%2C300&ssl=1",300,300,true],"post-thumbnail":["https:\/\/i0.wp.com\/futland.com.mx\/wp-content\/uploads\/2026\/07\/Diseno-sin-titulo-.png?fit=450%2C300&ssl=1",450,300,true]},"rttpg_author":{"display_name":"Sarahi Venegas G\u00f3mez","author_link":"https:\/\/futland.com.mx\/?author=7"},"rttpg_comment":0,"rttpg_category":"<a href=\"https:\/\/futland.com.mx\/?cat=83\" rel=\"category\">NewImportantHome-1<\/a> <a href=\"https:\/\/futland.com.mx\/?cat=16\" rel=\"category\">Noticias<\/a>","rttpg_excerpt":"La mediocampista sueca pone fin a su etapa con el conjunto blanco despu\u00e9s de una temporada y se convierte en nueva jugadora del Eintracht Frankfurt. Hanna Bennison inicia un nuevo cap\u00edtulo en su carrera profesional. La futbolista sueca deja el Real Madrid despu\u00e9s de una temporada y continuar\u00e1 su trayectoria en el Eintracht Frankfurt de&hellip;&hellip;","_links":{"self":[{"href":"https:\/\/futland.com.mx\/index.php?rest_route=\/wp\/v2\/posts\/8769","targetHints":{"allow":["GET"]}}],"collection":[{"href":"https:\/\/futland.com.mx\/index.php?rest_route=\/wp\/v2\/posts"}],"about":[{"href":"https:\/\/futland.com.mx\/index.php?rest_route=\/wp\/v2\/types\/post"}],"author":[{"embeddable":true,"href":"https:\/\/futland.com.mx\/index.php?rest_route=\/wp\/v2\/users\/7"}],"replies":[{"embeddable":true,"href":"https:\/\/futland.com.mx\/index.php?rest_route=%2Fwp%2Fv2%2Fcomments&post=8769"}],"version-history":[{"count":1,"href":"https:\/\/futland.com.mx\/index.php?rest_route=\/wp\/v2\/posts\/8769\/revisions"}],"predecessor-version":[{"id":8771,"href":"https:\/\/futland.com.mx\/index.php?rest_route=\/wp\/v2\/posts\/8769\/revisions\/8771"}],"wp:featuredmedia":[{"embeddable":true,"href":"https:\/\/futland.com.mx\/index.php?rest_route=\/wp\/v2\/media\/8770"}],"wp:attachment":[{"href":"https:\/\/futland.com.mx\/index.php?rest_route=%2Fwp%2Fv2%2Fmedia&parent=8769"}],"wp:term":[{"taxonomy":"category","embeddable":true,"href":"https:\/\/futland.com.mx\/index.php?rest_route=%2Fwp%2Fv2%2Fcategories&post=8769"},{"taxonomy":"post_tag","embeddable":true,"href":"https:\/\/futland.com.mx\/index.php?rest_route=%2Fwp%2Fv2%2Ftags&post=8769"}],"curies":[{"name":"wp","href":"https:\/\/api.w.org\/{rel}","templated":true}]}}