{"id":8813,"date":"2026-08-18T09:54:03","date_gmt":"2026-08-18T15:54:03","guid":{"rendered":"https:\/\/futland.com.mx\/?p=8813"},"modified":"2026-08-18T09:54:03","modified_gmt":"2026-08-18T15:54:03","slug":"espana-y-francia-rompen-filas-si-jugaran-el-mundial-femenino-sub-20-2026","status":"publish","type":"post","link":"https:\/\/futland.com.mx\/?p=8813","title":{"rendered":"Espa\u00f1a y Francia rompen filas: s\u00ed jugar\u00e1n el Mundial Femenino Sub-20 2026"},"content":{"rendered":"<p class=\"w6asjq_TextBase _85PZeG_Text PDq2pG_selectionAnchorContainer\" data-d-component=\"text\"><span class=\"w6asjq_TextBase _85PZeG_Text\" data-d-component=\"text\" data-d-default-strong=\"\" data-d-inline=\"\">Las dos potencias europeas confirmaron su participaci\u00f3n en Polonia y se desmarcan de la postura de boicot que hab\u00eda tomado fuerza en el f\u00fatbol continental.<\/span><\/p>\n<p class=\"w6asjq_TextBase _85PZeG_Text\" data-d-component=\"text\">En medio de la tensi\u00f3n entre la UEFA y la FIFA, <span class=\"w6asjq_TextBase _85PZeG_Text\" data-d-component=\"text\" data-d-default-strong=\"\" data-d-inline=\"\">Espa\u00f1a y Francia<\/span> confirmaron que disputar\u00e1n la <span class=\"w6asjq_TextBase _85PZeG_Text\" data-d-component=\"text\" data-d-default-strong=\"\" data-d-inline=\"\">Copa Mundial Femenina Sub-20 de 2026<\/span>, convirti\u00e9ndose en las primeras selecciones europeas de gran peso en asegurar su presencia en el torneo.<\/p>\n<p class=\"w6asjq_TextBase _85PZeG_Text\" data-d-component=\"text\">La decisi\u00f3n llega tras semanas de incertidumbre provocadas por el conflicto institucional entre ambos organismos, luego de las diferencias surgidas por el modelo de gesti\u00f3n y comercializaci\u00f3n de las competiciones internacionales impulsado por la FIFA.<\/p>\n<h3 class=\"w6asjq_TextBase GgxHUa_Title\" data-d-component=\"title\" data-d-size=\"lg\" data-d-weight=\"semibold\">La prioridad: las futbolistas<\/h3>\n<p class=\"w6asjq_TextBase _85PZeG_Text\" data-d-component=\"text\">Tanto Espa\u00f1a como Francia consideran que el desarrollo deportivo de las jugadoras debe estar por encima de cualquier disputa pol\u00edtica. Por ello, ambas federaciones mantuvieron su planificaci\u00f3n y continuar\u00e1n preparando a sus selecciones para competir en la m\u00e1xima cita mundialista de la categor\u00eda.<\/p>\n<p class=\"w6asjq_TextBase _85PZeG_Text\" data-d-component=\"text\">El Mundial Femenino Sub-20 se celebrar\u00e1 en <span class=\"w6asjq_TextBase _85PZeG_Text\" data-d-component=\"text\" data-d-default-strong=\"\" data-d-inline=\"\">Polonia<\/span>, del <span class=\"w6asjq_TextBase _85PZeG_Text\" data-d-component=\"text\" data-d-default-strong=\"\" data-d-inline=\"\">5 al 26 de septiembre de 2026<\/span>, y reunir\u00e1 a algunas de las mayores promesas del f\u00fatbol femenino internacional.<\/p>\n<h3 class=\"w6asjq_TextBase GgxHUa_Title\" data-d-component=\"title\" data-d-size=\"lg\" data-d-weight=\"semibold\">Polonia mantiene la organizaci\u00f3n sin cambios<\/h3>\n<p class=\"w6asjq_TextBase _85PZeG_Text\" data-d-component=\"text\">La Federaci\u00f3n Polaca de F\u00fatbol inform\u00f3 que el campeonato sigue adelante conforme al calendario previsto y que, hasta el momento, ninguna de las selecciones clasificadas ha presentado una renuncia oficial.<\/p>\n<p class=\"w6asjq_TextBase _85PZeG_Text\" data-d-component=\"text\">Con la confirmaci\u00f3n de Espa\u00f1a y Francia, el torneo conserva a dos de las canteras m\u00e1s importantes de Europa, lo que fortalece el nivel competitivo de una edici\u00f3n que promete ser una de las m\u00e1s atractivas de los \u00faltimos a\u00f1os.<\/p>\n<p class=\"w6asjq_TextBase _85PZeG_Text\" data-d-component=\"text\"><span class=\"w6asjq_TextBase _85PZeG_Text\" data-d-component=\"text\" data-d-default-strong=\"\" data-d-inline=\"\">Meta descripci\u00f3n:<\/span> Espa\u00f1a y Francia confirmaron su participaci\u00f3n en el Mundial Femenino Sub-20 de 2026, dejando atr\u00e1s la incertidumbre por el conflicto entre la UEFA y la FIFA.<\/p>\n","protected":false},"excerpt":{"rendered":"<p>Las dos potencias europeas confirmaron su participaci\u00f3n en Polonia y se desmarcan de la postura de boicot que hab\u00eda tomado fuerza en el f\u00fatbol continental. En medio de la tensi\u00f3n entre la UEFA y la FIFA, Espa\u00f1a y Francia confirmaron que disputar\u00e1n la Copa Mundial Femenina Sub-20 de 2026, convirti\u00e9ndose en las primeras selecciones europeas&hellip; <a class=\"more-link\" href=\"https:\/\/futland.com.mx\/?p=8813\">Continue reading <span class=\"screen-reader-text\">Espa\u00f1a y Francia rompen filas: s\u00ed jugar\u00e1n el Mundial Femenino Sub-20 2026<\/span><\/a><\/p>\n","protected":false},"author":7,"featured_media":8814,"comment_status":"open","ping_status":"open","sticky":false,"template":"","format":"standard","meta":{"inline_featured_image":false,"_jetpack_memberships_contains_paid_content":false,"footnotes":""},"categories":[83,16],"tags":[],"class_list":["post-8813","post","type-post","status-publish","format-standard","has-post-thumbnail","hentry","category-newimportanthome-1","category-news","entry"],"jetpack_featured_media_url":"https:\/\/i0.wp.com\/futland.com.mx\/wp-content\/uploads\/2026\/08\/Diseno-sin-titulo-2.png?fit=1344%2C896&ssl=1","jetpack_sharing_enabled":true,"rttpg_featured_image_url":{"full":["https:\/\/i0.wp.com\/futland.com.mx\/wp-content\/uploads\/2026\/08\/Diseno-sin-titulo-2.png?fit=1344%2C896&ssl=1",1344,896,false],"landscape":["https:\/\/futland.com.mx\/wp-content\/uploads\/2026\/08\/Diseno-sin-titulo-2.png",1344,896,false],"portraits":["https:\/\/futland.com.mx\/wp-content\/uploads\/2026\/08\/Diseno-sin-titulo-2.png",1344,896,false],"thumbnail":["https:\/\/i0.wp.com\/futland.com.mx\/wp-content\/uploads\/2026\/08\/Diseno-sin-titulo-2.png?resize=150%2C150&ssl=1",150,150,true],"medium":["https:\/\/i0.wp.com\/futland.com.mx\/wp-content\/uploads\/2026\/08\/Diseno-sin-titulo-2.png?fit=300%2C200&ssl=1",300,200,true],"large":["https:\/\/i0.wp.com\/futland.com.mx\/wp-content\/uploads\/2026\/08\/Diseno-sin-titulo-2.png?fit=750%2C500&ssl=1",750,500,true],"1536x1536":["https:\/\/i0.wp.com\/futland.com.mx\/wp-content\/uploads\/2026\/08\/Diseno-sin-titulo-2.png?fit=1344%2C896&ssl=1",1344,896,true],"2048x2048":["https:\/\/i0.wp.com\/futland.com.mx\/wp-content\/uploads\/2026\/08\/Diseno-sin-titulo-2.png?fit=1344%2C896&ssl=1",1344,896,true],"crest-large":["https:\/\/i0.wp.com\/futland.com.mx\/wp-content\/uploads\/2026\/08\/Diseno-sin-titulo-2.png?fit=100%2C67&ssl=1",100,67,true],"crest-medium":["https:\/\/i0.wp.com\/futland.com.mx\/wp-content\/uploads\/2026\/08\/Diseno-sin-titulo-2.png?fit=50%2C33&ssl=1",50,33,true],"crest-small":["https:\/\/i0.wp.com\/futland.com.mx\/wp-content\/uploads\/2026\/08\/Diseno-sin-titulo-2.png?fit=25%2C17&ssl=1",25,17,true],"player_thumbnail":["https:\/\/i0.wp.com\/futland.com.mx\/wp-content\/uploads\/2026\/08\/Diseno-sin-titulo-2.png?resize=25%2C25&ssl=1",25,25,true],"player_single":["https:\/\/i0.wp.com\/futland.com.mx\/wp-content\/uploads\/2026\/08\/Diseno-sin-titulo-2.png?resize=300%2C300&ssl=1",300,300,true],"staff_thumbnail":["https:\/\/i0.wp.com\/futland.com.mx\/wp-content\/uploads\/2026\/08\/Diseno-sin-titulo-2.png?resize=90%2C90&ssl=1",90,90,true],"staff_single":["https:\/\/i0.wp.com\/futland.com.mx\/wp-content\/uploads\/2026\/08\/Diseno-sin-titulo-2.png?resize=300%2C300&ssl=1",300,300,true],"club_thumbnail":["https:\/\/i0.wp.com\/futland.com.mx\/wp-content\/uploads\/2026\/08\/Diseno-sin-titulo-2.png?resize=300%2C300&ssl=1",300,300,true],"club_single":["https:\/\/i0.wp.com\/futland.com.mx\/wp-content\/uploads\/2026\/08\/Diseno-sin-titulo-2.png?resize=300%2C300&ssl=1",300,300,true],"post-thumbnail":["https:\/\/i0.wp.com\/futland.com.mx\/wp-content\/uploads\/2026\/08\/Diseno-sin-titulo-2.png?fit=450%2C300&ssl=1",450,300,true]},"rttpg_author":{"display_name":"Sarahi Venegas G\u00f3mez","author_link":"https:\/\/futland.com.mx\/?author=7"},"rttpg_comment":0,"rttpg_category":"<a href=\"https:\/\/futland.com.mx\/?cat=83\" rel=\"category\">NewImportantHome-1<\/a> <a href=\"https:\/\/futland.com.mx\/?cat=16\" rel=\"category\">Noticias<\/a>","rttpg_excerpt":"Las dos potencias europeas confirmaron su participaci\u00f3n en Polonia y se desmarcan de la postura de boicot que hab\u00eda tomado fuerza en el f\u00fatbol continental. En medio de la tensi\u00f3n entre la UEFA y la FIFA, Espa\u00f1a y Francia confirmaron que disputar\u00e1n la Copa Mundial Femenina Sub-20 de 2026, convirti\u00e9ndose en las primeras selecciones europeas&hellip;&hellip;","_links":{"self":[{"href":"https:\/\/futland.com.mx\/index.php?rest_route=\/wp\/v2\/posts\/8813","targetHints":{"allow":["GET"]}}],"collection":[{"href":"https:\/\/futland.com.mx\/index.php?rest_route=\/wp\/v2\/posts"}],"about":[{"href":"https:\/\/futland.com.mx\/index.php?rest_route=\/wp\/v2\/types\/post"}],"author":[{"embeddable":true,"href":"https:\/\/futland.com.mx\/index.php?rest_route=\/wp\/v2\/users\/7"}],"replies":[{"embeddable":true,"href":"https:\/\/futland.com.mx\/index.php?rest_route=%2Fwp%2Fv2%2Fcomments&post=8813"}],"version-history":[{"count":1,"href":"https:\/\/futland.com.mx\/index.php?rest_route=\/wp\/v2\/posts\/8813\/revisions"}],"predecessor-version":[{"id":8815,"href":"https:\/\/futland.com.mx\/index.php?rest_route=\/wp\/v2\/posts\/8813\/revisions\/8815"}],"wp:featuredmedia":[{"embeddable":true,"href":"https:\/\/futland.com.mx\/index.php?rest_route=\/wp\/v2\/media\/8814"}],"wp:attachment":[{"href":"https:\/\/futland.com.mx\/index.php?rest_route=%2Fwp%2Fv2%2Fmedia&parent=8813"}],"wp:term":[{"taxonomy":"category","embeddable":true,"href":"https:\/\/futland.com.mx\/index.php?rest_route=%2Fwp%2Fv2%2Fcategories&post=8813"},{"taxonomy":"post_tag","embeddable":true,"href":"https:\/\/futland.com.mx\/index.php?rest_route=%2Fwp%2Fv2%2Ftags&post=8813"}],"curies":[{"name":"wp","href":"https:\/\/api.w.org\/{rel}","templated":true}]}}